{"id":6265,"date":"2022-06-30T23:11:32","date_gmt":"2022-06-30T21:11:32","guid":{"rendered":"https:\/\/polgargym.at\/?p=6265"},"modified":"2022-07-03T22:33:23","modified_gmt":"2022-07-03T20:33:23","slug":"klimamonat-juni","status":"publish","type":"post","link":"https:\/\/polgargym.at\/wordpress\/klimamonat-juni\/","title":{"rendered":"Klimamonat Juni"},"content":{"rendered":"\n<p>Im Laufe des Monats Juni wurden in vielen Klassen und vielen F\u00e4chern zum omnipr\u00e4senten Thema Klimaschutz gearbeitet. Einige Einblicke, wie sich verschiedene Klassen diesem Thema angen\u00e4hert haben, finden sich im Folgenden.<\/p>\n\n\n\n<p><\/p>\n\n\n\n<p><strong>Workshop mit Global 2000 der Ethikgruppe 5CD mit Mag. Gudrun Schandl &nbsp;<\/strong><\/p>\n\n\n\n<p>In diesem Fr\u00fchling hatte sich die Ethikgruppe der 5CD schon mit Umweltethik mit dem Schwerpunkt \u201eVerschmutzung der Meere: Ursachen, Auswirkungen und L\u00f6sungsm\u00f6glichkeiten\u201c auseinandergesetzt. Am 9. Juni gab es dann eine besondere Herausforderung: den 2-st\u00fcndigen Workshop \u201eEscape Climate Change\u201c. Zun\u00e4chst hielt eine Vertreterin der Umweltschutzorganisation Global 2000 einen kurzen Vortrag \u00fcber Ursachen und Auswirkungen des Klimawandels. So wurde uns beispielsweise wieder einmal schmerzlich vor Augen gef\u00fchrt, dass es drei Erden brauchen w\u00fcrde, wenn alle Menschen auf der Welt so leben w\u00fcrden wie in \u00d6sterreich.&nbsp;<\/p>\n\n\n\n<p>Nach den Hard Facts ging es ans Escape-Game: 1 \u00bd Stunden hatte die Gruppe Zeit, um eine mysteri\u00f6se Kiste aus dem Jahr 2100 zu \u00f6ffnen und weitere knifflige Aufgaben zu l\u00f6sen, die zwar alle mit dem Klimawandel zu tun hatten, aber auch noch ganz andere F\u00e4higkeiten erforderten. Am Ende wurde es so richtig knapp, aber durch viel Teamwork konnte die Gruppe den Erfolg einfahren \u2013 und viel neues Wissen \u00fcber Handlungsm\u00f6glichkeiten mitnehmen.<\/p>\n\n\n\n<figure class=\"wp-block-image size-large\"><img loading=\"lazy\" decoding=\"async\" width=\"768\" height=\"1024\" src=\"https:\/\/polgargym.at\/wordpress\/wp-content\/uploads\/2022\/06\/Die-mysterioese-Box-768x1024.jpg\" alt=\"\" class=\"wp-image-6266\" srcset=\"https:\/\/polgargym.at\/wordpress\/wp-content\/uploads\/2022\/06\/Die-mysterioese-Box-768x1024.jpg 768w, https:\/\/polgargym.at\/wordpress\/wp-content\/uploads\/2022\/06\/Die-mysterioese-Box-225x300.jpg 225w, https:\/\/polgargym.at\/wordpress\/wp-content\/uploads\/2022\/06\/Die-mysterioese-Box-1152x1536.jpg 1152w, https:\/\/polgargym.at\/wordpress\/wp-content\/uploads\/2022\/06\/Die-mysterioese-Box-1536x2048.jpg 1536w, https:\/\/polgargym.at\/wordpress\/wp-content\/uploads\/2022\/06\/Die-mysterioese-Box-rotated.jpg 1920w\" sizes=\"auto, (max-width: 768px) 100vw, 768px\" \/><\/figure>\n\n\n\n<div style=\"height:50px\" aria-hidden=\"true\" class=\"wp-block-spacer\"><\/div>\n\n\n\n<p><strong>Sachb\u00fccher zum Thema Klimaschutz &amp; Klimaschutztipps der<\/strong> <strong>Deutschgruppe 2D mit Mag. Melanie Haselsteiner<\/strong><\/p>\n\n\n\n<p>&nbsp;In den letzten Schulwochen besch\u00e4ftigte sich die Deutschgruppe der 2D mit verschiedensten Sachb\u00fcchern f\u00fcr Kinder zum Thema Klimaschutz. Die Bandbreite der Themen reichte vom Aussterben bedrohter Tierarten \u00fcber M\u00fcllvermeidung und Recycling, Hard Facts zum Treibhauseffekt und den Klimagasen bis zum Einlass der Ern\u00e4hrung auf unser Klima. Jedes Team, das sich mit einem Buch und seinen Themen auseinandergesetzt hat, pr\u00e4sentierte zum Abschluss der restlichen Gruppe die wichtigsten Erkenntnisse aus den B\u00fcchern und bereitete Klimaschutztipps vor, die auf dem <a href=\"https:\/\/www.instagram.com\/polgarbib\/\" data-type=\"URL\" data-id=\"https:\/\/www.instagram.com\/polgarbib\/\">Instagramaccount der Schulbibliothek<\/a> f\u00fcr alle zug\u00e4nglich gemacht wurden. <\/p>\n\n\n\n<figure class=\"wp-block-video\"><video controls src=\"https:\/\/polgargym.at\/wordpress\/wp-content\/uploads\/2022\/06\/video_20220614_160150_edit.mp4\"><\/video><\/figure>\n\n\n\n<figure class=\"wp-block-gallery has-nested-images columns-default is-cropped wp-block-gallery-1 is-layout-flex wp-block-gallery-is-layout-flex\">\n<figure class=\"wp-block-image size-large\"><img loading=\"lazy\" decoding=\"async\" width=\"1024\" height=\"768\" data-id=\"6280\" src=\"https:\/\/polgargym.at\/wordpress\/wp-content\/uploads\/2022\/06\/IMG_9203-2-1024x768.jpg\" alt=\"\" class=\"wp-image-6280\" srcset=\"https:\/\/polgargym.at\/wordpress\/wp-content\/uploads\/2022\/06\/IMG_9203-2-1024x768.jpg 1024w, https:\/\/polgargym.at\/wordpress\/wp-content\/uploads\/2022\/06\/IMG_9203-2-300x225.jpg 300w, https:\/\/polgargym.at\/wordpress\/wp-content\/uploads\/2022\/06\/IMG_9203-2-768x576.jpg 768w, https:\/\/polgargym.at\/wordpress\/wp-content\/uploads\/2022\/06\/IMG_9203-2-1536x1152.jpg 1536w, https:\/\/polgargym.at\/wordpress\/wp-content\/uploads\/2022\/06\/IMG_9203-2-2048x1536.jpg 2048w\" sizes=\"auto, (max-width: 1024px) 100vw, 1024px\" \/><\/figure>\n\n\n\n<figure class=\"wp-block-image size-large\"><img loading=\"lazy\" decoding=\"async\" width=\"1024\" height=\"768\" data-id=\"6278\" src=\"https:\/\/polgargym.at\/wordpress\/wp-content\/uploads\/2022\/06\/IMG_9204-2-1024x768.jpg\" alt=\"\" class=\"wp-image-6278\" srcset=\"https:\/\/polgargym.at\/wordpress\/wp-content\/uploads\/2022\/06\/IMG_9204-2-1024x768.jpg 1024w, https:\/\/polgargym.at\/wordpress\/wp-content\/uploads\/2022\/06\/IMG_9204-2-300x225.jpg 300w, https:\/\/polgargym.at\/wordpress\/wp-content\/uploads\/2022\/06\/IMG_9204-2-768x576.jpg 768w, https:\/\/polgargym.at\/wordpress\/wp-content\/uploads\/2022\/06\/IMG_9204-2-1536x1152.jpg 1536w, https:\/\/polgargym.at\/wordpress\/wp-content\/uploads\/2022\/06\/IMG_9204-2-2048x1537.jpg 2048w\" sizes=\"auto, (max-width: 1024px) 100vw, 1024px\" \/><\/figure>\n\n\n\n<figure class=\"wp-block-image size-large\"><img loading=\"lazy\" decoding=\"async\" width=\"768\" height=\"1024\" data-id=\"6281\" src=\"https:\/\/polgargym.at\/wordpress\/wp-content\/uploads\/2022\/06\/IMG_9209-2-768x1024.jpg\" alt=\"\" class=\"wp-image-6281\" srcset=\"https:\/\/polgargym.at\/wordpress\/wp-content\/uploads\/2022\/06\/IMG_9209-2-768x1024.jpg 768w, https:\/\/polgargym.at\/wordpress\/wp-content\/uploads\/2022\/06\/IMG_9209-2-225x300.jpg 225w, https:\/\/polgargym.at\/wordpress\/wp-content\/uploads\/2022\/06\/IMG_9209-2-1152x1536.jpg 1152w, https:\/\/polgargym.at\/wordpress\/wp-content\/uploads\/2022\/06\/IMG_9209-2-1536x2048.jpg 1536w, https:\/\/polgargym.at\/wordpress\/wp-content\/uploads\/2022\/06\/IMG_9209-2.jpg 1920w\" sizes=\"auto, (max-width: 768px) 100vw, 768px\" \/><\/figure>\n<\/figure>\n\n\n\n<div style=\"height:50px\" aria-hidden=\"true\" class=\"wp-block-spacer\"><\/div>\n\n\n\n<p><strong>Ideen f\u00fcr mehr Klimaschutz am Polgargymnasium der 4B mit Mag. Matthias Stark<\/strong><\/p>\n\n\n\n<figure class=\"wp-block-image size-large\"><img loading=\"lazy\" decoding=\"async\" width=\"1024\" height=\"576\" src=\"https:\/\/polgargym.at\/wordpress\/wp-content\/uploads\/2022\/06\/4B_Klimaschutzideen-1024x576.jpeg\" alt=\"\" class=\"wp-image-6268\" srcset=\"https:\/\/polgargym.at\/wordpress\/wp-content\/uploads\/2022\/06\/4B_Klimaschutzideen-1024x576.jpeg 1024w, https:\/\/polgargym.at\/wordpress\/wp-content\/uploads\/2022\/06\/4B_Klimaschutzideen-300x169.jpeg 300w, https:\/\/polgargym.at\/wordpress\/wp-content\/uploads\/2022\/06\/4B_Klimaschutzideen-768x432.jpeg 768w, https:\/\/polgargym.at\/wordpress\/wp-content\/uploads\/2022\/06\/4B_Klimaschutzideen-1536x864.jpeg 1536w, https:\/\/polgargym.at\/wordpress\/wp-content\/uploads\/2022\/06\/4B_Klimaschutzideen.jpeg 1600w\" sizes=\"auto, (max-width: 1024px) 100vw, 1024px\" \/><\/figure>\n\n\n\n<p><\/p>\n\n\n\n<div style=\"height:50px\" aria-hidden=\"true\" class=\"wp-block-spacer\"><\/div>\n\n\n\n<p><strong>Musik und Klimakrise<\/strong> <strong>mit Mag. Bernhard Lengauer<\/strong><\/p>\n\n\n\n<p>Vor dem Hintergrund einiger wissenschaftlichen Grundlagen zum Thema Klimakrise, er\u00f6rterten wir im Musikunterricht der Klassen 1b,1e,1f, 3b, 3e,4b,4c 6a und 6c gemeinsam mit den Sch\u00fcler:innen verschiedene Herangehensweisen, wie durch die emotionale Wirkung von Musik, auf die Klimakrise eingegangen werden kann. Wir analysierten Songtexte und Musikvideos, welche verschiedenen Auswirkungen der Klimakrise thematisierten und besch\u00e4ftigten uns mit unterschiedlichen musikalischen Projekten, welche auf unterschiedliche Art und weise die Klimakrise h\u00f6rbar machten. Beispielsweise sahen wir uns eine Klavierimprovisation in der Artis mit Naturger\u00e4uschen wie den ins Meer st\u00fcrzendem Eis an, h\u00f6rten von einer Band vertonte Reden von Klimaaktivisten und Songs mit Ger\u00e4uschen von vom Aussterben bedrohter Tierarten. Die Sch\u00fcler:innen entwickelten dann ihre eigenen Ideen, wie sie Inhalte \u00fcber die gelernten Fakten \u00fcber die Klimakrise in musikalischen Projekten verarbeiten k\u00f6nnen. Es entstanden dabei Raps und eigene Texte zu bekannten Songs, in welchen die Sch\u00fcler:innen \u00fcber ihren Zugang zu Umweltthematik und Klimakrise schrieben. Viele weitere Ideen, wie zum Beispiel die Auff\u00fchrung eines Musiktheaters mit Botschaften zur Klimakrise wurden besprochen und werden hoffentlich in den kommenden Jahren verwirklicht werden.<\/p>\n\n\n\n<p><strong>Ein klimabewusstes Picknick der 1F mit Mag. Petra Triessnig &amp; Mag. Bernhard Lengauer<\/strong><\/p>\n\n\n\n<figure class=\"wp-block-gallery has-nested-images columns-default is-cropped wp-block-gallery-2 is-layout-flex wp-block-gallery-is-layout-flex\">\n<figure class=\"wp-block-image size-large\"><img loading=\"lazy\" decoding=\"async\" width=\"2560\" height=\"1920\" data-id=\"6282\" src=\"https:\/\/polgargym.at\/wordpress\/wp-content\/uploads\/2022\/06\/20220621_101407.jpg\" alt=\"\" class=\"wp-image-6282\" srcset=\"https:\/\/polgargym.at\/wordpress\/wp-content\/uploads\/2022\/06\/20220621_101407.jpg 2560w, https:\/\/polgargym.at\/wordpress\/wp-content\/uploads\/2022\/06\/20220621_101407-300x225.jpg 300w, https:\/\/polgargym.at\/wordpress\/wp-content\/uploads\/2022\/06\/20220621_101407-1024x768.jpg 1024w, https:\/\/polgargym.at\/wordpress\/wp-content\/uploads\/2022\/06\/20220621_101407-768x576.jpg 768w, https:\/\/polgargym.at\/wordpress\/wp-content\/uploads\/2022\/06\/20220621_101407-1536x1152.jpg 1536w, https:\/\/polgargym.at\/wordpress\/wp-content\/uploads\/2022\/06\/20220621_101407-2048x1536.jpg 2048w\" sizes=\"auto, (max-width: 2560px) 100vw, 2560px\" \/><\/figure>\n\n\n\n<figure class=\"wp-block-image size-large\"><img loading=\"lazy\" decoding=\"async\" width=\"2560\" height=\"1920\" data-id=\"6283\" src=\"https:\/\/polgargym.at\/wordpress\/wp-content\/uploads\/2022\/06\/20220621_101512.jpg\" alt=\"\" class=\"wp-image-6283\" srcset=\"https:\/\/polgargym.at\/wordpress\/wp-content\/uploads\/2022\/06\/20220621_101512.jpg 2560w, https:\/\/polgargym.at\/wordpress\/wp-content\/uploads\/2022\/06\/20220621_101512-300x225.jpg 300w, https:\/\/polgargym.at\/wordpress\/wp-content\/uploads\/2022\/06\/20220621_101512-1024x768.jpg 1024w, https:\/\/polgargym.at\/wordpress\/wp-content\/uploads\/2022\/06\/20220621_101512-768x576.jpg 768w, https:\/\/polgargym.at\/wordpress\/wp-content\/uploads\/2022\/06\/20220621_101512-1536x1152.jpg 1536w, https:\/\/polgargym.at\/wordpress\/wp-content\/uploads\/2022\/06\/20220621_101512-2048x1536.jpg 2048w\" sizes=\"auto, (max-width: 2560px) 100vw, 2560px\" \/><\/figure>\n\n\n\n<figure class=\"wp-block-image size-large\"><img loading=\"lazy\" decoding=\"async\" width=\"2560\" height=\"1893\" data-id=\"6284\" src=\"https:\/\/polgargym.at\/wordpress\/wp-content\/uploads\/2022\/06\/20220621_101552.jpg\" alt=\"\" class=\"wp-image-6284\" srcset=\"https:\/\/polgargym.at\/wordpress\/wp-content\/uploads\/2022\/06\/20220621_101552.jpg 2560w, https:\/\/polgargym.at\/wordpress\/wp-content\/uploads\/2022\/06\/20220621_101552-300x222.jpg 300w, https:\/\/polgargym.at\/wordpress\/wp-content\/uploads\/2022\/06\/20220621_101552-1024x757.jpg 1024w, https:\/\/polgargym.at\/wordpress\/wp-content\/uploads\/2022\/06\/20220621_101552-768x568.jpg 768w, https:\/\/polgargym.at\/wordpress\/wp-content\/uploads\/2022\/06\/20220621_101552-1536x1136.jpg 1536w, https:\/\/polgargym.at\/wordpress\/wp-content\/uploads\/2022\/06\/20220621_101552-2048x1514.jpg 2048w\" sizes=\"auto, (max-width: 2560px) 100vw, 2560px\" \/><\/figure>\n\n\n\n<figure class=\"wp-block-image size-large\"><img loading=\"lazy\" decoding=\"async\" width=\"2560\" height=\"1920\" data-id=\"6285\" src=\"https:\/\/polgargym.at\/wordpress\/wp-content\/uploads\/2022\/06\/20220621_101843.jpg\" alt=\"\" class=\"wp-image-6285\" srcset=\"https:\/\/polgargym.at\/wordpress\/wp-content\/uploads\/2022\/06\/20220621_101843.jpg 2560w, https:\/\/polgargym.at\/wordpress\/wp-content\/uploads\/2022\/06\/20220621_101843-300x225.jpg 300w, https:\/\/polgargym.at\/wordpress\/wp-content\/uploads\/2022\/06\/20220621_101843-1024x768.jpg 1024w, https:\/\/polgargym.at\/wordpress\/wp-content\/uploads\/2022\/06\/20220621_101843-768x576.jpg 768w, https:\/\/polgargym.at\/wordpress\/wp-content\/uploads\/2022\/06\/20220621_101843-1536x1152.jpg 1536w, https:\/\/polgargym.at\/wordpress\/wp-content\/uploads\/2022\/06\/20220621_101843-2048x1536.jpg 2048w\" sizes=\"auto, (max-width: 2560px) 100vw, 2560px\" \/><\/figure>\n\n\n\n<figure class=\"wp-block-image size-large\"><img loading=\"lazy\" decoding=\"async\" width=\"2560\" height=\"1991\" data-id=\"6286\" src=\"https:\/\/polgargym.at\/wordpress\/wp-content\/uploads\/2022\/06\/20220621_102253.jpg\" alt=\"\" class=\"wp-image-6286\" srcset=\"https:\/\/polgargym.at\/wordpress\/wp-content\/uploads\/2022\/06\/20220621_102253.jpg 2560w, https:\/\/polgargym.at\/wordpress\/wp-content\/uploads\/2022\/06\/20220621_102253-300x233.jpg 300w, https:\/\/polgargym.at\/wordpress\/wp-content\/uploads\/2022\/06\/20220621_102253-1024x797.jpg 1024w, https:\/\/polgargym.at\/wordpress\/wp-content\/uploads\/2022\/06\/20220621_102253-768x597.jpg 768w, https:\/\/polgargym.at\/wordpress\/wp-content\/uploads\/2022\/06\/20220621_102253-1536x1195.jpg 1536w, https:\/\/polgargym.at\/wordpress\/wp-content\/uploads\/2022\/06\/20220621_102253-2048x1593.jpg 2048w\" sizes=\"auto, (max-width: 2560px) 100vw, 2560px\" \/><\/figure>\n<\/figure>\n\n\n\n<p>Auch f\u00e4cher\u00fcbergreifend mit Biologie erarbeiteten wir die Thematik, wie wir durch unsere Ern\u00e4hrung auf Umwelt und Klima achten k\u00f6nnen. Nach dem theoretischen Input f\u00fchrten wir in Biologie und Musik gemeinsam ein umwelt- und klimabewusstes Picknick durch, bei dem Sch\u00fcler:innen als auch Lehrkr\u00e4fte regionale, saisonale Bioprodukte mitnahmen. Die Sch\u00fcler:innen wurden daf\u00fcr sensibilisiert, welchen Zusammenhang es zwischen ihrem Konsum von Produkten und der Klimakrise gibt.&nbsp;<\/p>\n\n\n\n<div style=\"height:50px\" aria-hidden=\"true\" class=\"wp-block-spacer\"><\/div>\n\n\n\n<p><strong>Artensterben &#8211; verschiedene Klassen mit Mag. Gernot Nigg<\/strong><\/p>\n\n\n\n<p>Durch die Klimaver\u00e4nderung findet gerade ein Artensterben statt, das in seinem Ausma\u00df mit dem Aussterben der Dinosaurier vergleichbar ist. Als Beitrag zum Klima-Monat Juni 2022 haben Sch\u00fcler:innen verschiedenster Klassen Lebewesen portraitiert, die auf der<a rel=\"noreferrer noopener\" href=\"https:\/\/www.iucnredlist.org\/\" target=\"_blank\">&nbsp;IUCN RED LIST<\/a>&nbsp;stehen.&nbsp;<\/p>\n\n\n\n<figure class=\"wp-block-gallery has-nested-images columns-default is-cropped wp-block-gallery-3 is-layout-flex wp-block-gallery-is-layout-flex\">\n<figure class=\"wp-block-image size-large\"><img loading=\"lazy\" decoding=\"async\" width=\"1653\" height=\"1169\" data-id=\"6287\" src=\"https:\/\/polgargym.at\/wordpress\/wp-content\/uploads\/2022\/06\/extinct-species-anolis-roosevelti-simon-glanz-2022.png\" alt=\"\" class=\"wp-image-6287\" srcset=\"https:\/\/polgargym.at\/wordpress\/wp-content\/uploads\/2022\/06\/extinct-species-anolis-roosevelti-simon-glanz-2022.png 1653w, https:\/\/polgargym.at\/wordpress\/wp-content\/uploads\/2022\/06\/extinct-species-anolis-roosevelti-simon-glanz-2022-300x212.png 300w, https:\/\/polgargym.at\/wordpress\/wp-content\/uploads\/2022\/06\/extinct-species-anolis-roosevelti-simon-glanz-2022-1024x724.png 1024w, https:\/\/polgargym.at\/wordpress\/wp-content\/uploads\/2022\/06\/extinct-species-anolis-roosevelti-simon-glanz-2022-768x543.png 768w, https:\/\/polgargym.at\/wordpress\/wp-content\/uploads\/2022\/06\/extinct-species-anolis-roosevelti-simon-glanz-2022-1536x1086.png 1536w\" sizes=\"auto, (max-width: 1653px) 100vw, 1653px\" \/><\/figure>\n\n\n\n<figure class=\"wp-block-image size-large\"><img loading=\"lazy\" decoding=\"async\" width=\"1653\" height=\"1169\" data-id=\"6288\" src=\"https:\/\/polgargym.at\/wordpress\/wp-content\/uploads\/2022\/06\/extinct-species-betta-fusca-raphael-kopetzki-2022.png\" alt=\"\" class=\"wp-image-6288\" srcset=\"https:\/\/polgargym.at\/wordpress\/wp-content\/uploads\/2022\/06\/extinct-species-betta-fusca-raphael-kopetzki-2022.png 1653w, https:\/\/polgargym.at\/wordpress\/wp-content\/uploads\/2022\/06\/extinct-species-betta-fusca-raphael-kopetzki-2022-300x212.png 300w, https:\/\/polgargym.at\/wordpress\/wp-content\/uploads\/2022\/06\/extinct-species-betta-fusca-raphael-kopetzki-2022-1024x724.png 1024w, https:\/\/polgargym.at\/wordpress\/wp-content\/uploads\/2022\/06\/extinct-species-betta-fusca-raphael-kopetzki-2022-768x543.png 768w, https:\/\/polgargym.at\/wordpress\/wp-content\/uploads\/2022\/06\/extinct-species-betta-fusca-raphael-kopetzki-2022-1536x1086.png 1536w\" sizes=\"auto, (max-width: 1653px) 100vw, 1653px\" \/><\/figure>\n\n\n\n<figure class=\"wp-block-image size-large\"><img loading=\"lazy\" decoding=\"async\" width=\"1169\" height=\"1653\" data-id=\"6289\" src=\"https:\/\/polgargym.at\/wordpress\/wp-content\/uploads\/2022\/06\/extinct-species-campephilus-principalis-alexandra-vetr-2022.png\" alt=\"\" class=\"wp-image-6289\" srcset=\"https:\/\/polgargym.at\/wordpress\/wp-content\/uploads\/2022\/06\/extinct-species-campephilus-principalis-alexandra-vetr-2022.png 1169w, https:\/\/polgargym.at\/wordpress\/wp-content\/uploads\/2022\/06\/extinct-species-campephilus-principalis-alexandra-vetr-2022-212x300.png 212w, https:\/\/polgargym.at\/wordpress\/wp-content\/uploads\/2022\/06\/extinct-species-campephilus-principalis-alexandra-vetr-2022-724x1024.png 724w, https:\/\/polgargym.at\/wordpress\/wp-content\/uploads\/2022\/06\/extinct-species-campephilus-principalis-alexandra-vetr-2022-768x1086.png 768w, https:\/\/polgargym.at\/wordpress\/wp-content\/uploads\/2022\/06\/extinct-species-campephilus-principalis-alexandra-vetr-2022-1086x1536.png 1086w\" sizes=\"auto, (max-width: 1169px) 100vw, 1169px\" \/><\/figure>\n\n\n\n<figure class=\"wp-block-image size-large\"><img loading=\"lazy\" decoding=\"async\" width=\"1653\" height=\"1169\" data-id=\"6290\" src=\"https:\/\/polgargym.at\/wordpress\/wp-content\/uploads\/2022\/06\/extinct-species-cchlonoides-nigra-emily-kainzbauer-2022.png\" alt=\"\" class=\"wp-image-6290\" srcset=\"https:\/\/polgargym.at\/wordpress\/wp-content\/uploads\/2022\/06\/extinct-species-cchlonoides-nigra-emily-kainzbauer-2022.png 1653w, https:\/\/polgargym.at\/wordpress\/wp-content\/uploads\/2022\/06\/extinct-species-cchlonoides-nigra-emily-kainzbauer-2022-300x212.png 300w, https:\/\/polgargym.at\/wordpress\/wp-content\/uploads\/2022\/06\/extinct-species-cchlonoides-nigra-emily-kainzbauer-2022-1024x724.png 1024w, https:\/\/polgargym.at\/wordpress\/wp-content\/uploads\/2022\/06\/extinct-species-cchlonoides-nigra-emily-kainzbauer-2022-768x543.png 768w, https:\/\/polgargym.at\/wordpress\/wp-content\/uploads\/2022\/06\/extinct-species-cchlonoides-nigra-emily-kainzbauer-2022-1536x1086.png 1536w\" sizes=\"auto, (max-width: 1653px) 100vw, 1653px\" \/><\/figure>\n\n\n\n<figure class=\"wp-block-image size-large\"><img loading=\"lazy\" decoding=\"async\" width=\"1653\" height=\"1169\" data-id=\"6291\" src=\"https:\/\/polgargym.at\/wordpress\/wp-content\/uploads\/2022\/06\/extinct-species-discocactus-heptacanthus-madita-ernst-2022.png\" alt=\"\" class=\"wp-image-6291\" srcset=\"https:\/\/polgargym.at\/wordpress\/wp-content\/uploads\/2022\/06\/extinct-species-discocactus-heptacanthus-madita-ernst-2022.png 1653w, https:\/\/polgargym.at\/wordpress\/wp-content\/uploads\/2022\/06\/extinct-species-discocactus-heptacanthus-madita-ernst-2022-300x212.png 300w, https:\/\/polgargym.at\/wordpress\/wp-content\/uploads\/2022\/06\/extinct-species-discocactus-heptacanthus-madita-ernst-2022-1024x724.png 1024w, https:\/\/polgargym.at\/wordpress\/wp-content\/uploads\/2022\/06\/extinct-species-discocactus-heptacanthus-madita-ernst-2022-768x543.png 768w, https:\/\/polgargym.at\/wordpress\/wp-content\/uploads\/2022\/06\/extinct-species-discocactus-heptacanthus-madita-ernst-2022-1536x1086.png 1536w\" sizes=\"auto, (max-width: 1653px) 100vw, 1653px\" \/><\/figure>\n\n\n\n<figure class=\"wp-block-image size-large\"><img loading=\"lazy\" decoding=\"async\" width=\"1653\" height=\"1169\" data-id=\"6292\" src=\"https:\/\/polgargym.at\/wordpress\/wp-content\/uploads\/2022\/06\/extinct-species-epimachus-stefanie-schlosser-2022.png\" alt=\"\" class=\"wp-image-6292\" srcset=\"https:\/\/polgargym.at\/wordpress\/wp-content\/uploads\/2022\/06\/extinct-species-epimachus-stefanie-schlosser-2022.png 1653w, https:\/\/polgargym.at\/wordpress\/wp-content\/uploads\/2022\/06\/extinct-species-epimachus-stefanie-schlosser-2022-300x212.png 300w, https:\/\/polgargym.at\/wordpress\/wp-content\/uploads\/2022\/06\/extinct-species-epimachus-stefanie-schlosser-2022-1024x724.png 1024w, https:\/\/polgargym.at\/wordpress\/wp-content\/uploads\/2022\/06\/extinct-species-epimachus-stefanie-schlosser-2022-768x543.png 768w, https:\/\/polgargym.at\/wordpress\/wp-content\/uploads\/2022\/06\/extinct-species-epimachus-stefanie-schlosser-2022-1536x1086.png 1536w\" sizes=\"auto, (max-width: 1653px) 100vw, 1653px\" \/><\/figure>\n\n\n\n<figure class=\"wp-block-image size-large\"><img loading=\"lazy\" decoding=\"async\" width=\"1653\" height=\"1169\" data-id=\"6293\" src=\"https:\/\/polgargym.at\/wordpress\/wp-content\/uploads\/2022\/06\/extinct-species-equus-quagga-quagga-mahmoud-helal-2022.png\" alt=\"\" class=\"wp-image-6293\" srcset=\"https:\/\/polgargym.at\/wordpress\/wp-content\/uploads\/2022\/06\/extinct-species-equus-quagga-quagga-mahmoud-helal-2022.png 1653w, https:\/\/polgargym.at\/wordpress\/wp-content\/uploads\/2022\/06\/extinct-species-equus-quagga-quagga-mahmoud-helal-2022-300x212.png 300w, https:\/\/polgargym.at\/wordpress\/wp-content\/uploads\/2022\/06\/extinct-species-equus-quagga-quagga-mahmoud-helal-2022-1024x724.png 1024w, https:\/\/polgargym.at\/wordpress\/wp-content\/uploads\/2022\/06\/extinct-species-equus-quagga-quagga-mahmoud-helal-2022-768x543.png 768w, https:\/\/polgargym.at\/wordpress\/wp-content\/uploads\/2022\/06\/extinct-species-equus-quagga-quagga-mahmoud-helal-2022-1536x1086.png 1536w\" sizes=\"auto, (max-width: 1653px) 100vw, 1653px\" \/><\/figure>\n\n\n\n<figure class=\"wp-block-image size-large\"><img loading=\"lazy\" decoding=\"async\" width=\"1653\" height=\"1169\" data-id=\"6294\" src=\"https:\/\/polgargym.at\/wordpress\/wp-content\/uploads\/2022\/06\/extinct-species-equus-quagga-quagga-rebecca-kornfeind-2022.png\" alt=\"\" class=\"wp-image-6294\" srcset=\"https:\/\/polgargym.at\/wordpress\/wp-content\/uploads\/2022\/06\/extinct-species-equus-quagga-quagga-rebecca-kornfeind-2022.png 1653w, https:\/\/polgargym.at\/wordpress\/wp-content\/uploads\/2022\/06\/extinct-species-equus-quagga-quagga-rebecca-kornfeind-2022-300x212.png 300w, https:\/\/polgargym.at\/wordpress\/wp-content\/uploads\/2022\/06\/extinct-species-equus-quagga-quagga-rebecca-kornfeind-2022-1024x724.png 1024w, https:\/\/polgargym.at\/wordpress\/wp-content\/uploads\/2022\/06\/extinct-species-equus-quagga-quagga-rebecca-kornfeind-2022-768x543.png 768w, https:\/\/polgargym.at\/wordpress\/wp-content\/uploads\/2022\/06\/extinct-species-equus-quagga-quagga-rebecca-kornfeind-2022-1536x1086.png 1536w\" sizes=\"auto, (max-width: 1653px) 100vw, 1653px\" \/><\/figure>\n\n\n\n<figure class=\"wp-block-image size-large\"><img loading=\"lazy\" decoding=\"async\" width=\"1169\" height=\"1653\" data-id=\"6295\" src=\"https:\/\/polgargym.at\/wordpress\/wp-content\/uploads\/2022\/06\/extinct-species-felis-margarita-lena-schussek-2022.png\" alt=\"\" class=\"wp-image-6295\" srcset=\"https:\/\/polgargym.at\/wordpress\/wp-content\/uploads\/2022\/06\/extinct-species-felis-margarita-lena-schussek-2022.png 1169w, https:\/\/polgargym.at\/wordpress\/wp-content\/uploads\/2022\/06\/extinct-species-felis-margarita-lena-schussek-2022-212x300.png 212w, https:\/\/polgargym.at\/wordpress\/wp-content\/uploads\/2022\/06\/extinct-species-felis-margarita-lena-schussek-2022-724x1024.png 724w, https:\/\/polgargym.at\/wordpress\/wp-content\/uploads\/2022\/06\/extinct-species-felis-margarita-lena-schussek-2022-768x1086.png 768w, https:\/\/polgargym.at\/wordpress\/wp-content\/uploads\/2022\/06\/extinct-species-felis-margarita-lena-schussek-2022-1086x1536.png 1086w\" sizes=\"auto, (max-width: 1169px) 100vw, 1169px\" \/><\/figure>\n\n\n\n<figure class=\"wp-block-image size-large\"><img loading=\"lazy\" decoding=\"async\" width=\"1169\" height=\"1653\" data-id=\"6296\" src=\"https:\/\/polgargym.at\/wordpress\/wp-content\/uploads\/2022\/06\/extinct-species-glianthus-puniceus-ammar-el-zamel-2022.png\" alt=\"\" class=\"wp-image-6296\" srcset=\"https:\/\/polgargym.at\/wordpress\/wp-content\/uploads\/2022\/06\/extinct-species-glianthus-puniceus-ammar-el-zamel-2022.png 1169w, https:\/\/polgargym.at\/wordpress\/wp-content\/uploads\/2022\/06\/extinct-species-glianthus-puniceus-ammar-el-zamel-2022-212x300.png 212w, https:\/\/polgargym.at\/wordpress\/wp-content\/uploads\/2022\/06\/extinct-species-glianthus-puniceus-ammar-el-zamel-2022-724x1024.png 724w, https:\/\/polgargym.at\/wordpress\/wp-content\/uploads\/2022\/06\/extinct-species-glianthus-puniceus-ammar-el-zamel-2022-768x1086.png 768w, https:\/\/polgargym.at\/wordpress\/wp-content\/uploads\/2022\/06\/extinct-species-glianthus-puniceus-ammar-el-zamel-2022-1086x1536.png 1086w\" sizes=\"auto, (max-width: 1169px) 100vw, 1169px\" \/><\/figure>\n\n\n\n<figure class=\"wp-block-image size-large\"><img loading=\"lazy\" decoding=\"async\" width=\"1653\" height=\"1169\" data-id=\"6297\" src=\"https:\/\/polgargym.at\/wordpress\/wp-content\/uploads\/2022\/06\/extinct-species-Lipotes-vexillifer-adriana-gagic-2022.png\" alt=\"\" class=\"wp-image-6297\" srcset=\"https:\/\/polgargym.at\/wordpress\/wp-content\/uploads\/2022\/06\/extinct-species-Lipotes-vexillifer-adriana-gagic-2022.png 1653w, https:\/\/polgargym.at\/wordpress\/wp-content\/uploads\/2022\/06\/extinct-species-Lipotes-vexillifer-adriana-gagic-2022-300x212.png 300w, https:\/\/polgargym.at\/wordpress\/wp-content\/uploads\/2022\/06\/extinct-species-Lipotes-vexillifer-adriana-gagic-2022-1024x724.png 1024w, https:\/\/polgargym.at\/wordpress\/wp-content\/uploads\/2022\/06\/extinct-species-Lipotes-vexillifer-adriana-gagic-2022-768x543.png 768w, https:\/\/polgargym.at\/wordpress\/wp-content\/uploads\/2022\/06\/extinct-species-Lipotes-vexillifer-adriana-gagic-2022-1536x1086.png 1536w\" sizes=\"auto, (max-width: 1653px) 100vw, 1653px\" \/><\/figure>\n\n\n\n<figure class=\"wp-block-image size-large\"><img loading=\"lazy\" decoding=\"async\" width=\"1653\" height=\"1169\" data-id=\"6298\" src=\"https:\/\/polgargym.at\/wordpress\/wp-content\/uploads\/2022\/06\/extinct-species-MAMMUTHUS-anna-zadnik-2022.png\" alt=\"\" class=\"wp-image-6298\" srcset=\"https:\/\/polgargym.at\/wordpress\/wp-content\/uploads\/2022\/06\/extinct-species-MAMMUTHUS-anna-zadnik-2022.png 1653w, https:\/\/polgargym.at\/wordpress\/wp-content\/uploads\/2022\/06\/extinct-species-MAMMUTHUS-anna-zadnik-2022-300x212.png 300w, https:\/\/polgargym.at\/wordpress\/wp-content\/uploads\/2022\/06\/extinct-species-MAMMUTHUS-anna-zadnik-2022-1024x724.png 1024w, https:\/\/polgargym.at\/wordpress\/wp-content\/uploads\/2022\/06\/extinct-species-MAMMUTHUS-anna-zadnik-2022-768x543.png 768w, https:\/\/polgargym.at\/wordpress\/wp-content\/uploads\/2022\/06\/extinct-species-MAMMUTHUS-anna-zadnik-2022-1536x1086.png 1536w\" sizes=\"auto, (max-width: 1653px) 100vw, 1653px\" \/><\/figure>\n\n\n\n<figure class=\"wp-block-image size-large\"><img loading=\"lazy\" decoding=\"async\" width=\"1653\" height=\"1169\" data-id=\"6299\" src=\"https:\/\/polgargym.at\/wordpress\/wp-content\/uploads\/2022\/06\/extinct-species-MAMMUTHUS-hana-el-hagar-2022.png\" alt=\"\" class=\"wp-image-6299\" srcset=\"https:\/\/polgargym.at\/wordpress\/wp-content\/uploads\/2022\/06\/extinct-species-MAMMUTHUS-hana-el-hagar-2022.png 1653w, https:\/\/polgargym.at\/wordpress\/wp-content\/uploads\/2022\/06\/extinct-species-MAMMUTHUS-hana-el-hagar-2022-300x212.png 300w, https:\/\/polgargym.at\/wordpress\/wp-content\/uploads\/2022\/06\/extinct-species-MAMMUTHUS-hana-el-hagar-2022-1024x724.png 1024w, https:\/\/polgargym.at\/wordpress\/wp-content\/uploads\/2022\/06\/extinct-species-MAMMUTHUS-hana-el-hagar-2022-768x543.png 768w, https:\/\/polgargym.at\/wordpress\/wp-content\/uploads\/2022\/06\/extinct-species-MAMMUTHUS-hana-el-hagar-2022-1536x1086.png 1536w\" sizes=\"auto, (max-width: 1653px) 100vw, 1653px\" \/><\/figure>\n\n\n\n<figure class=\"wp-block-image size-large\"><img loading=\"lazy\" decoding=\"async\" width=\"1653\" height=\"1169\" data-id=\"6300\" src=\"https:\/\/polgargym.at\/wordpress\/wp-content\/uploads\/2022\/06\/extinct-species-MAMMUTHUS-hanna-hoess-2022.png\" alt=\"\" class=\"wp-image-6300\" srcset=\"https:\/\/polgargym.at\/wordpress\/wp-content\/uploads\/2022\/06\/extinct-species-MAMMUTHUS-hanna-hoess-2022.png 1653w, https:\/\/polgargym.at\/wordpress\/wp-content\/uploads\/2022\/06\/extinct-species-MAMMUTHUS-hanna-hoess-2022-300x212.png 300w, https:\/\/polgargym.at\/wordpress\/wp-content\/uploads\/2022\/06\/extinct-species-MAMMUTHUS-hanna-hoess-2022-1024x724.png 1024w, https:\/\/polgargym.at\/wordpress\/wp-content\/uploads\/2022\/06\/extinct-species-MAMMUTHUS-hanna-hoess-2022-768x543.png 768w, https:\/\/polgargym.at\/wordpress\/wp-content\/uploads\/2022\/06\/extinct-species-MAMMUTHUS-hanna-hoess-2022-1536x1086.png 1536w\" sizes=\"auto, (max-width: 1653px) 100vw, 1653px\" \/><\/figure>\n\n\n\n<figure class=\"wp-block-image size-large\"><img loading=\"lazy\" decoding=\"async\" width=\"1653\" height=\"1169\" data-id=\"6301\" src=\"https:\/\/polgargym.at\/wordpress\/wp-content\/uploads\/2022\/06\/extinct-species-melomys-rubicola-melike-haubert-2022.png\" alt=\"\" class=\"wp-image-6301\" srcset=\"https:\/\/polgargym.at\/wordpress\/wp-content\/uploads\/2022\/06\/extinct-species-melomys-rubicola-melike-haubert-2022.png 1653w, https:\/\/polgargym.at\/wordpress\/wp-content\/uploads\/2022\/06\/extinct-species-melomys-rubicola-melike-haubert-2022-300x212.png 300w, https:\/\/polgargym.at\/wordpress\/wp-content\/uploads\/2022\/06\/extinct-species-melomys-rubicola-melike-haubert-2022-1024x724.png 1024w, https:\/\/polgargym.at\/wordpress\/wp-content\/uploads\/2022\/06\/extinct-species-melomys-rubicola-melike-haubert-2022-768x543.png 768w, https:\/\/polgargym.at\/wordpress\/wp-content\/uploads\/2022\/06\/extinct-species-melomys-rubicola-melike-haubert-2022-1536x1086.png 1536w\" sizes=\"auto, (max-width: 1653px) 100vw, 1653px\" \/><\/figure>\n\n\n\n<figure class=\"wp-block-image size-large\"><img loading=\"lazy\" decoding=\"async\" width=\"1169\" height=\"1653\" data-id=\"6302\" src=\"https:\/\/polgargym.at\/wordpress\/wp-content\/uploads\/2022\/06\/extinct-species-mustela-erminea-victoria-schlosser-2022.png\" alt=\"\" class=\"wp-image-6302\" srcset=\"https:\/\/polgargym.at\/wordpress\/wp-content\/uploads\/2022\/06\/extinct-species-mustela-erminea-victoria-schlosser-2022.png 1169w, https:\/\/polgargym.at\/wordpress\/wp-content\/uploads\/2022\/06\/extinct-species-mustela-erminea-victoria-schlosser-2022-212x300.png 212w, https:\/\/polgargym.at\/wordpress\/wp-content\/uploads\/2022\/06\/extinct-species-mustela-erminea-victoria-schlosser-2022-724x1024.png 724w, https:\/\/polgargym.at\/wordpress\/wp-content\/uploads\/2022\/06\/extinct-species-mustela-erminea-victoria-schlosser-2022-768x1086.png 768w, https:\/\/polgargym.at\/wordpress\/wp-content\/uploads\/2022\/06\/extinct-species-mustela-erminea-victoria-schlosser-2022-1086x1536.png 1086w\" sizes=\"auto, (max-width: 1169px) 100vw, 1169px\" \/><\/figure>\n\n\n\n<figure class=\"wp-block-image size-large\"><img loading=\"lazy\" decoding=\"async\" width=\"1169\" height=\"1653\" data-id=\"6303\" src=\"https:\/\/polgargym.at\/wordpress\/wp-content\/uploads\/2022\/06\/extinct-species-peponocephala-electra-lena-kleer-2022.png\" alt=\"\" class=\"wp-image-6303\" srcset=\"https:\/\/polgargym.at\/wordpress\/wp-content\/uploads\/2022\/06\/extinct-species-peponocephala-electra-lena-kleer-2022.png 1169w, https:\/\/polgargym.at\/wordpress\/wp-content\/uploads\/2022\/06\/extinct-species-peponocephala-electra-lena-kleer-2022-212x300.png 212w, https:\/\/polgargym.at\/wordpress\/wp-content\/uploads\/2022\/06\/extinct-species-peponocephala-electra-lena-kleer-2022-724x1024.png 724w, https:\/\/polgargym.at\/wordpress\/wp-content\/uploads\/2022\/06\/extinct-species-peponocephala-electra-lena-kleer-2022-768x1086.png 768w, https:\/\/polgargym.at\/wordpress\/wp-content\/uploads\/2022\/06\/extinct-species-peponocephala-electra-lena-kleer-2022-1086x1536.png 1086w\" sizes=\"auto, (max-width: 1169px) 100vw, 1169px\" \/><\/figure>\n\n\n\n<figure class=\"wp-block-image size-large\"><img loading=\"lazy\" decoding=\"async\" width=\"1653\" height=\"1169\" data-id=\"6304\" src=\"https:\/\/polgargym.at\/wordpress\/wp-content\/uploads\/2022\/06\/extinct-species-phyllobates-terribilis-fabian-brandtner-2022.png\" alt=\"\" class=\"wp-image-6304\" srcset=\"https:\/\/polgargym.at\/wordpress\/wp-content\/uploads\/2022\/06\/extinct-species-phyllobates-terribilis-fabian-brandtner-2022.png 1653w, https:\/\/polgargym.at\/wordpress\/wp-content\/uploads\/2022\/06\/extinct-species-phyllobates-terribilis-fabian-brandtner-2022-300x212.png 300w, https:\/\/polgargym.at\/wordpress\/wp-content\/uploads\/2022\/06\/extinct-species-phyllobates-terribilis-fabian-brandtner-2022-1024x724.png 1024w, https:\/\/polgargym.at\/wordpress\/wp-content\/uploads\/2022\/06\/extinct-species-phyllobates-terribilis-fabian-brandtner-2022-768x543.png 768w, https:\/\/polgargym.at\/wordpress\/wp-content\/uploads\/2022\/06\/extinct-species-phyllobates-terribilis-fabian-brandtner-2022-1536x1086.png 1536w\" sizes=\"auto, (max-width: 1653px) 100vw, 1653px\" \/><\/figure>\n\n\n\n<figure class=\"wp-block-image size-large\"><img loading=\"lazy\" decoding=\"async\" width=\"1653\" height=\"1169\" data-id=\"6305\" src=\"https:\/\/polgargym.at\/wordpress\/wp-content\/uploads\/2022\/06\/extinct-species-psephurus-gladius-erik-karlsson-2022.png\" alt=\"\" class=\"wp-image-6305\" srcset=\"https:\/\/polgargym.at\/wordpress\/wp-content\/uploads\/2022\/06\/extinct-species-psephurus-gladius-erik-karlsson-2022.png 1653w, https:\/\/polgargym.at\/wordpress\/wp-content\/uploads\/2022\/06\/extinct-species-psephurus-gladius-erik-karlsson-2022-300x212.png 300w, https:\/\/polgargym.at\/wordpress\/wp-content\/uploads\/2022\/06\/extinct-species-psephurus-gladius-erik-karlsson-2022-1024x724.png 1024w, https:\/\/polgargym.at\/wordpress\/wp-content\/uploads\/2022\/06\/extinct-species-psephurus-gladius-erik-karlsson-2022-768x543.png 768w, https:\/\/polgargym.at\/wordpress\/wp-content\/uploads\/2022\/06\/extinct-species-psephurus-gladius-erik-karlsson-2022-1536x1086.png 1536w\" sizes=\"auto, (max-width: 1653px) 100vw, 1653px\" \/><\/figure>\n\n\n\n<figure class=\"wp-block-image size-large\"><img loading=\"lazy\" decoding=\"async\" width=\"1653\" height=\"1169\" data-id=\"6306\" src=\"https:\/\/polgargym.at\/wordpress\/wp-content\/uploads\/2022\/06\/extinct-species-Raphus-cucullatus-julia-jurkow-2022.png\" alt=\"\" class=\"wp-image-6306\" srcset=\"https:\/\/polgargym.at\/wordpress\/wp-content\/uploads\/2022\/06\/extinct-species-Raphus-cucullatus-julia-jurkow-2022.png 1653w, https:\/\/polgargym.at\/wordpress\/wp-content\/uploads\/2022\/06\/extinct-species-Raphus-cucullatus-julia-jurkow-2022-300x212.png 300w, https:\/\/polgargym.at\/wordpress\/wp-content\/uploads\/2022\/06\/extinct-species-Raphus-cucullatus-julia-jurkow-2022-1024x724.png 1024w, https:\/\/polgargym.at\/wordpress\/wp-content\/uploads\/2022\/06\/extinct-species-Raphus-cucullatus-julia-jurkow-2022-768x543.png 768w, https:\/\/polgargym.at\/wordpress\/wp-content\/uploads\/2022\/06\/extinct-species-Raphus-cucullatus-julia-jurkow-2022-1536x1086.png 1536w\" sizes=\"auto, (max-width: 1653px) 100vw, 1653px\" \/><\/figure>\n\n\n\n<figure class=\"wp-block-image size-large\"><img loading=\"lazy\" decoding=\"async\" width=\"1169\" height=\"1653\" data-id=\"6307\" src=\"https:\/\/polgargym.at\/wordpress\/wp-content\/uploads\/2022\/06\/extinct-species-Raphus-cucullatus-marie-unterweger-2022.png\" alt=\"\" class=\"wp-image-6307\" srcset=\"https:\/\/polgargym.at\/wordpress\/wp-content\/uploads\/2022\/06\/extinct-species-Raphus-cucullatus-marie-unterweger-2022.png 1169w, https:\/\/polgargym.at\/wordpress\/wp-content\/uploads\/2022\/06\/extinct-species-Raphus-cucullatus-marie-unterweger-2022-212x300.png 212w, https:\/\/polgargym.at\/wordpress\/wp-content\/uploads\/2022\/06\/extinct-species-Raphus-cucullatus-marie-unterweger-2022-724x1024.png 724w, https:\/\/polgargym.at\/wordpress\/wp-content\/uploads\/2022\/06\/extinct-species-Raphus-cucullatus-marie-unterweger-2022-768x1086.png 768w, https:\/\/polgargym.at\/wordpress\/wp-content\/uploads\/2022\/06\/extinct-species-Raphus-cucullatus-marie-unterweger-2022-1086x1536.png 1086w\" sizes=\"auto, (max-width: 1169px) 100vw, 1169px\" \/><\/figure>\n\n\n\n<figure class=\"wp-block-image size-large\"><img loading=\"lazy\" decoding=\"async\" width=\"1169\" height=\"1653\" data-id=\"6308\" src=\"https:\/\/polgargym.at\/wordpress\/wp-content\/uploads\/2022\/06\/extinct-species-thylacine-cynocephalus-greta-follak-2022.png\" alt=\"\" class=\"wp-image-6308\" srcset=\"https:\/\/polgargym.at\/wordpress\/wp-content\/uploads\/2022\/06\/extinct-species-thylacine-cynocephalus-greta-follak-2022.png 1169w, https:\/\/polgargym.at\/wordpress\/wp-content\/uploads\/2022\/06\/extinct-species-thylacine-cynocephalus-greta-follak-2022-212x300.png 212w, https:\/\/polgargym.at\/wordpress\/wp-content\/uploads\/2022\/06\/extinct-species-thylacine-cynocephalus-greta-follak-2022-724x1024.png 724w, https:\/\/polgargym.at\/wordpress\/wp-content\/uploads\/2022\/06\/extinct-species-thylacine-cynocephalus-greta-follak-2022-768x1086.png 768w, https:\/\/polgargym.at\/wordpress\/wp-content\/uploads\/2022\/06\/extinct-species-thylacine-cynocephalus-greta-follak-2022-1086x1536.png 1086w\" sizes=\"auto, (max-width: 1169px) 100vw, 1169px\" \/><\/figure>\n\n\n\n<figure class=\"wp-block-image size-large\"><img loading=\"lazy\" decoding=\"async\" width=\"1653\" height=\"1169\" data-id=\"6309\" src=\"https:\/\/polgargym.at\/wordpress\/wp-content\/uploads\/2022\/06\/extinct-species-ursus-maritimus-denise-kopp-2022.png\" alt=\"\" class=\"wp-image-6309\" srcset=\"https:\/\/polgargym.at\/wordpress\/wp-content\/uploads\/2022\/06\/extinct-species-ursus-maritimus-denise-kopp-2022.png 1653w, https:\/\/polgargym.at\/wordpress\/wp-content\/uploads\/2022\/06\/extinct-species-ursus-maritimus-denise-kopp-2022-300x212.png 300w, https:\/\/polgargym.at\/wordpress\/wp-content\/uploads\/2022\/06\/extinct-species-ursus-maritimus-denise-kopp-2022-1024x724.png 1024w, https:\/\/polgargym.at\/wordpress\/wp-content\/uploads\/2022\/06\/extinct-species-ursus-maritimus-denise-kopp-2022-768x543.png 768w, https:\/\/polgargym.at\/wordpress\/wp-content\/uploads\/2022\/06\/extinct-species-ursus-maritimus-denise-kopp-2022-1536x1086.png 1536w\" sizes=\"auto, (max-width: 1653px) 100vw, 1653px\" \/><\/figure>\n<\/figure>\n","protected":false},"excerpt":{"rendered":"<p>Im Laufe des Monats Juni wurden in vielen Klassen und vielen F\u00e4chern zum omnipr\u00e4senten Thema Klimaschutz gearbeitet. Einige Einblicke, wie sich verschiedene Klassen diesem Thema angen\u00e4hert haben, finden sich im Folgenden. Workshop mit Global 2000 der Ethikgruppe 5CD mit Mag. Gudrun Schandl &nbsp; In diesem Fr\u00fchling hatte sich die Ethikgruppe der 5CD schon mit Umweltethik [&hellip;]<\/p>\n","protected":false},"author":11,"featured_media":0,"comment_status":"closed","ping_status":"closed","sticky":false,"template":"","format":"standard","meta":{"footnotes":""},"categories":[1],"tags":[],"class_list":["post-6265","post","type-post","status-publish","format-standard","hentry","category-allgemein"],"_links":{"self":[{"href":"https:\/\/polgargym.at\/wordpress\/wp-json\/wp\/v2\/posts\/6265","targetHints":{"allow":["GET"]}}],"collection":[{"href":"https:\/\/polgargym.at\/wordpress\/wp-json\/wp\/v2\/posts"}],"about":[{"href":"https:\/\/polgargym.at\/wordpress\/wp-json\/wp\/v2\/types\/post"}],"author":[{"embeddable":true,"href":"https:\/\/polgargym.at\/wordpress\/wp-json\/wp\/v2\/users\/11"}],"replies":[{"embeddable":true,"href":"https:\/\/polgargym.at\/wordpress\/wp-json\/wp\/v2\/comments?post=6265"}],"version-history":[{"count":7,"href":"https:\/\/polgargym.at\/wordpress\/wp-json\/wp\/v2\/posts\/6265\/revisions"}],"predecessor-version":[{"id":6341,"href":"https:\/\/polgargym.at\/wordpress\/wp-json\/wp\/v2\/posts\/6265\/revisions\/6341"}],"wp:attachment":[{"href":"https:\/\/polgargym.at\/wordpress\/wp-json\/wp\/v2\/media?parent=6265"}],"wp:term":[{"taxonomy":"category","embeddable":true,"href":"https:\/\/polgargym.at\/wordpress\/wp-json\/wp\/v2\/categories?post=6265"},{"taxonomy":"post_tag","embeddable":true,"href":"https:\/\/polgargym.at\/wordpress\/wp-json\/wp\/v2\/tags?post=6265"}],"curies":[{"name":"wp","href":"https:\/\/api.w.org\/{rel}","templated":true}]}}