{"id":6360,"date":"2022-08-12T10:35:42","date_gmt":"2022-08-12T08:35:42","guid":{"rendered":"https:\/\/polgargym.at\/?p=6360"},"modified":"2022-08-12T10:35:45","modified_gmt":"2022-08-12T08:35:45","slug":"unsere-neue-direktorin-stellt-sich-vor","status":"publish","type":"post","link":"https:\/\/polgargym.at\/wordpress\/unsere-neue-direktorin-stellt-sich-vor\/","title":{"rendered":"Unsere neue Direktorin stellt sich vor"},"content":{"rendered":"\n<p class=\"has-medium-font-size\">Liebe Sch\u00fcler*innen,&nbsp;<\/p>\n\n\n\n<p class=\"has-medium-font-size\">liebe Erziehungsberechtigte, liebe Eltern!<br><\/p>\n\n\n\n<div style=\"height:30px\" aria-hidden=\"true\" class=\"wp-block-spacer\"><\/div>\n\n\n\n<p class=\"has-medium-font-size\">Willkommen im neuen Schuljahr, das vermutlich wieder viele neue Herausforderungen bringen wird.<br><\/p>\n\n\n\n<div style=\"height:30px\" aria-hidden=\"true\" class=\"wp-block-spacer\"><\/div>\n\n\n\n<p class=\"has-medium-font-size\"><br>Mit 01.07.2022 wurde mir die Ehre zuteil, unsere Schule als Schulleiterin \u00fcbernehmen zu d\u00fcrfen.<br>Dies ist eine besonders verantwortungsvolle und bedeutsame Aufgabe, da sich das Polgargymnasium nicht nur durch seine Gr\u00f6\u00dfe, seine Vielfalt, sondern vor allem auch durch das gro\u00dfartige Team auszeichnet.&nbsp;<br>Ebendiese Teamarbeit und das Engagement im Hinblick auf die bestm\u00f6gliche Ausbildung unserer Sch\u00fcler*innen stellen f\u00fcr mich grundlegende Prinzipien dar, die es gilt auch zuk\u00fcnftig an unserem Schulstandort zu leben.<\/p>\n\n\n\n<div style=\"height:30px\" aria-hidden=\"true\" class=\"wp-block-spacer\"><\/div>\n\n\n\n<p class=\"has-medium-font-size\">Meine bisherigen beruflichen T\u00e4tigkeiten umfassten Forschung, Management, Unternehmensberatung, aber auch Aus- und Weiterbildung im au\u00dferschulischen Kontext, sowie Unterrichtst\u00e4tigkeit in den F\u00e4chern Physik und Mathematik.<br>All diese Erfahrungen bilden die Grundlage, um unsere Schule zuk\u00fcnftig so mitzugestalten, dass diese weiterhin ein Ort ist, an dem man sich wohl f\u00fchlt und Respekt und Wertsch\u00e4tzung, aber gleichzeitig auch Bildung und Leistung zu den h\u00f6chsten Werten z\u00e4hlen.&nbsp;<\/p>\n\n\n\n<div style=\"height:30px\" aria-hidden=\"true\" class=\"wp-block-spacer\"><\/div>\n\n\n\n<p class=\"has-medium-font-size\">Ich freue mich auf die Zusammenarbeit und bin davon \u00fcberzeugt, dass wir gemeinsam alle zuk\u00fcnftigen Herausforderungen meistern werden.<br><\/p>\n\n\n\n<div style=\"height:30px\" aria-hidden=\"true\" class=\"wp-block-spacer\"><\/div>\n\n\n\n<p class=\"has-medium-font-size\">Einen besonderen Dank m\u00f6chte ich all jenen aussprechen, die mich herzlich willkommen gehei\u00dfen haben und mir eine au\u00dfergew\u00f6hnlich wertvolle Unterst\u00fctzung und Hilfe bei der \u00dcbernahme dieser bedeutenden Position an unserer Schule waren und sind.<\/p>\n\n\n\n<div style=\"height:30px\" aria-hidden=\"true\" class=\"wp-block-spacer\"><\/div>\n\n\n\n<p class=\"has-medium-font-size\">In diesem Sinne w\u00fcnsche ich Ihnen und euch einen guten Start und viel Erfolg im neuen Schuljahr!<br><\/p>\n\n\n\n<div style=\"height:30px\" aria-hidden=\"true\" class=\"wp-block-spacer\"><\/div>\n\n\n\n<p class=\"has-medium-font-size\"><br><strong>Mag. Dr. Claudia Peltz<br>(Direktion)<\/strong><\/p>\n\n\n\n<figure class=\"wp-block-image size-large\"><img loading=\"lazy\" decoding=\"async\" width=\"725\" height=\"1024\" src=\"https:\/\/polgargym.at\/wordpress\/wp-content\/uploads\/2022\/08\/Steckbrief_CP_2022-07-01-1-725x1024.jpg\" alt=\"\" class=\"wp-image-6366\" srcset=\"https:\/\/polgargym.at\/wordpress\/wp-content\/uploads\/2022\/08\/Steckbrief_CP_2022-07-01-1-725x1024.jpg 725w, https:\/\/polgargym.at\/wordpress\/wp-content\/uploads\/2022\/08\/Steckbrief_CP_2022-07-01-1-213x300.jpg 213w, https:\/\/polgargym.at\/wordpress\/wp-content\/uploads\/2022\/08\/Steckbrief_CP_2022-07-01-1-768x1084.jpg 768w, https:\/\/polgargym.at\/wordpress\/wp-content\/uploads\/2022\/08\/Steckbrief_CP_2022-07-01-1-1088x1536.jpg 1088w, https:\/\/polgargym.at\/wordpress\/wp-content\/uploads\/2022\/08\/Steckbrief_CP_2022-07-01-1.jpg 1224w\" sizes=\"auto, (max-width: 725px) 100vw, 725px\" \/><\/figure>\n","protected":false},"excerpt":{"rendered":"<p>Liebe Sch\u00fcler*innen,&nbsp; liebe Erziehungsberechtigte, liebe Eltern! Willkommen im neuen Schuljahr, das vermutlich wieder viele neue Herausforderungen bringen wird. Mit 01.07.2022 wurde mir die Ehre zuteil, unsere Schule als Schulleiterin \u00fcbernehmen zu d\u00fcrfen.Dies ist eine besonders verantwortungsvolle und bedeutsame Aufgabe, da sich das Polgargymnasium nicht nur durch seine Gr\u00f6\u00dfe, seine Vielfalt, sondern vor allem auch durch [&hellip;]<\/p>\n","protected":false},"author":11,"featured_media":0,"comment_status":"closed","ping_status":"closed","sticky":false,"template":"","format":"standard","meta":{"footnotes":""},"categories":[1],"tags":[],"class_list":["post-6360","post","type-post","status-publish","format-standard","hentry","category-allgemein"],"_links":{"self":[{"href":"https:\/\/polgargym.at\/wordpress\/wp-json\/wp\/v2\/posts\/6360","targetHints":{"allow":["GET"]}}],"collection":[{"href":"https:\/\/polgargym.at\/wordpress\/wp-json\/wp\/v2\/posts"}],"about":[{"href":"https:\/\/polgargym.at\/wordpress\/wp-json\/wp\/v2\/types\/post"}],"author":[{"embeddable":true,"href":"https:\/\/polgargym.at\/wordpress\/wp-json\/wp\/v2\/users\/11"}],"replies":[{"embeddable":true,"href":"https:\/\/polgargym.at\/wordpress\/wp-json\/wp\/v2\/comments?post=6360"}],"version-history":[{"count":6,"href":"https:\/\/polgargym.at\/wordpress\/wp-json\/wp\/v2\/posts\/6360\/revisions"}],"predecessor-version":[{"id":6368,"href":"https:\/\/polgargym.at\/wordpress\/wp-json\/wp\/v2\/posts\/6360\/revisions\/6368"}],"wp:attachment":[{"href":"https:\/\/polgargym.at\/wordpress\/wp-json\/wp\/v2\/media?parent=6360"}],"wp:term":[{"taxonomy":"category","embeddable":true,"href":"https:\/\/polgargym.at\/wordpress\/wp-json\/wp\/v2\/categories?post=6360"},{"taxonomy":"post_tag","embeddable":true,"href":"https:\/\/polgargym.at\/wordpress\/wp-json\/wp\/v2\/tags?post=6360"}],"curies":[{"name":"wp","href":"https:\/\/api.w.org\/{rel}","templated":true}]}}