{"id":6849,"date":"2023-01-15T21:50:27","date_gmt":"2023-01-15T20:50:27","guid":{"rendered":"https:\/\/polgargym.at\/?p=6849"},"modified":"2023-01-18T08:24:10","modified_gmt":"2023-01-18T07:24:10","slug":"jahresrueckblick-jahresausblick-aus-sicht-der-choere","status":"publish","type":"post","link":"https:\/\/polgargym.at\/wordpress\/jahresrueckblick-jahresausblick-aus-sicht-der-choere\/","title":{"rendered":"Jahresr\u00fcckblick\/Jahresausblick aus Sicht der Ch\u00f6re"},"content":{"rendered":"\n<p class=\"has-medium-font-size\">Zu Beginn des Jahres 2023 wollen wir die Gelegenheit f\u00fcr einen Jahresr\u00fcckblick aus Sicht der Ch\u00f6re des Polgargymnasiums nutzen und gleichzeitig einen kleinen Ausblick auf das heurige Jahr geben! 2022 brachte erste Lockerungen der Coronaverordnungen und erlaubte so den Ch\u00f6ren wieder voll durchzustarten. &nbsp;<\/p>\n\n\n\n<p class=\"has-medium-font-size\">Noch immer unter Corona-Vorzeichen widmete sich der Kammerchor zu Beginn des Jahres, wie viele andere Kulturschaffende, der Studiomusik. Zusammen mit den Wilden Kaisern erarbeitete er einen neuen Mix ihrer Austropop-Heimat-Ballade \u201eDu bist mein Land\u201c. Die Kinder studierten ein eigenes Arrangement des Hits ein und nahmen den Song neu auf. Unterst\u00fctzt wurden sie dabei von Studierenden der FH f\u00fcr Medientechnik in St. P\u00f6lten. Das Ergebnis der Zusammenarbeit zwischen Kammerchor, Studierenden und Band kann sich h\u00f6ren lassen. Falls Sie es nicht schon in einem der Regionalradiosender geh\u00f6rt haben, k\u00f6nnen Sie sich hier von der Qualit\u00e4t der Aufnahme \u00fcberzeugen: &nbsp;<\/p>\n\n\n\n<figure class=\"wp-block-embed is-type-video is-provider-youtube wp-block-embed-youtube wp-embed-aspect-16-9 wp-has-aspect-ratio\"><div class=\"wp-block-embed__wrapper\">\n<iframe loading=\"lazy\" title=\"DIE WILDEN KAISER - Du bist mei Land - feat. SELECTED POLGAR VOICES\" width=\"750\" height=\"422\" src=\"https:\/\/www.youtube.com\/embed\/sC9xAZiUIXA?feature=oembed\" frameborder=\"0\" allow=\"accelerometer; autoplay; clipboard-write; encrypted-media; gyroscope; picture-in-picture; web-share\" referrerpolicy=\"strict-origin-when-cross-origin\" allowfullscreen><\/iframe>\n<\/div><\/figure>\n\n\n\n<p class=\"has-medium-font-size\">Die ehemalige Chorklasse 7D konnte ebenfalls einen gro\u00dfen musikbezogenen Erfolg im Jahr 2022 einfahren. Beim Ideenwettbewerb \u201eDas Musical der Zukunft\u201c, der von den Vereinigten B\u00fchnen Wien veranstaltet wurde, gewann die Klasse in der Kategorie Sekundarstufe 2. Ihre Musicalidee \u201eKaeana\u201c wurde von der Jury mit dem ersten Platz ausgezeichnet und mit einem Musicalbesuch belohnt. Den Trailer zum Projekt und eine genauere Beschreibung finden Sie hier:&nbsp;<\/p>\n\n\n\n<p><a href=\"https:\/\/www.musicalvienna.at\/de\/lp\/ideenwettbewerb-schulklassen\">https:\/\/www.musicalvienna.at\/de\/lp\/ideenwettbewerb-schulklassen<\/a><\/p>\n\n\n\n<p class=\"has-medium-font-size\">Im Mai fuhren dann alle Ch\u00f6re gemeinsam auf Probentage nach Tulln. Dort r\u00fcckten dann die Vorbereitungen f\u00fcr das restliche Schuljahr in den Vordergrund (mehr dazu weiter unten im Text). Aber nat\u00fcrlich durfte auch der Spa\u00df nicht fehlen und so konnten die Kinder neben der intensiven Probenarbeit auch die Pausen an der Donau genie\u00dfen und am Abend sorgte die Disco f\u00fcr musikalische Abwechslung vom Chorprogramm. &nbsp;<\/p>\n\n\n\n<p class=\"has-medium-font-size\">In Tulln besuchte uns auch der Seestimmenchor unter der Leitung von Bernhard Jaretz und wir nutzten die gemeinsame Zeit f\u00fcr die Vorbereitung auf unser Konzert \u201eGenerations\u201c, das dann am 10. Juni in der Seestadt stattfand. Dort stellten sich alle Ch\u00f6re vor und sangen auch einige St\u00fccke gemeinsam. Es war ein musikalisches Generationentreffen, bei dem sich die \u201eJungen\u201c von den \u201eAlten\u201c etwas abschauen konnten, allerdings galt das nat\u00fcrlich auch umgekehrt. &nbsp;<\/p>\n\n\n\n<p class=\"has-medium-font-size\">Bereits am 20. Juni hatte dann der Kammerchor sein n\u00e4chstes Konzert. Von der Europ\u00e4ischen Gemeinschaft f\u00fcr Lateinamerika geladen, musizierte der Chor gemeinsam mit in Wien lebenden lateinamerikanischen MusikerInnen. Diese waren zuvor schon in die Schule gekommen, um den Kindern bei der Aussprache zu helfen. Die absolute Expertenaussprache der Kinder bei Hits wie \u201eGuantanamera\u201c wurde auch mit einer Auszeichnung f\u00fcr das Projekt belohnt. &nbsp;<\/p>\n\n\n\n<p class=\"has-medium-font-size\">Am Ende des Schuljahres pr\u00e4sentierte dann auch der Chor der ersten und zweiten Klassen die Fr\u00fcchte seiner Arbeit mit dem \u201eQuarant\u00e4nical\u201c. Dieses teilweise von den Kindern selbstgeschriebene Musical machte noch einmal vor den Ferien Corona zum Thema. Die Kinder \u00fcbernahmen in dieser Geschichte die Kontrolle \u00fcber die Schule und mussten dann lernen, gemeinsam ohne Erwachsene zurecht zu kommen. Das Musical wurde von den Kindern erarbeitet und mit Unterst\u00fctzung von externen K\u00fcnstlerInnen auf die B\u00fchne gebracht. Die Lehrer und Kinder waren sichtlich stolz auf ihre Leistungen und konnten gemeinsam ein tolles Produkt am Ende eines lohnenden Prozesses pr\u00e4sentieren.&nbsp;<\/p>\n\n\n\n<p class=\"has-medium-font-size\">Nach den Ferien ging es mit den Probentagen in Aigen im Ennstal weiter. Auch hier wurde wieder in der idyllischen Atmosph\u00e4re, die das Putterersee-Schl\u00f6\u00dfl bot, geprobt und gescherzt. Genaueres finden Sie auch auf der Homepage unter diesem Link:&nbsp;&nbsp;&nbsp;<\/p>\n\n\n\n<figure class=\"wp-block-embed is-type-wp-embed is-provider-polgargym wp-block-embed-polgargym\"><div class=\"wp-block-embed__wrapper\">\nhttps:\/\/polgargym.at\/chortage-der-schulchoere-am-polgargym\/\n<\/div><\/figure>\n\n\n\n<p class=\"has-medium-font-size\">Im November konnten die Kinder bereits die Ergebnisse dieser Arbeit bei \u201eJugend singt\u201c pr\u00e4sentieren. Diese von der Basis Kultur Wien und dem Wiener Chorforum veranstaltete Begegnung von Jugendch\u00f6ren war eine tolle Gelegenheit f\u00fcr die Kinder, um sich mit anderen singenden Schulen zu vergleichen und zu vernetzen. &nbsp;<\/p>\n\n\n\n<p class=\"has-medium-font-size\">Wer glaubt, dass damit das letzte Lied des Jahres 2022 gesungen war, hat sich get\u00e4uscht, denn es ging weiter zum Austriacampus. Beim Winter\u2019s Finest Festival am 15. Dezember sangen zwei unserer drei Ch\u00f6re und wurden daf\u00fcr mit gratis Punsch und einer Alpacca-Wanderung belohnt. &nbsp;<\/p>\n\n\n\n<p class=\"has-medium-font-size\">Den musikalischen Abschluss des Jahres bildete das gemeinsame Weihnachtskonzert am 20.12. im Polgargymnasium. Dort gab es wieder Punsch und viel gute Musik und die Ch\u00f6re zeigten sich mit den vielen Instrumentalgruppen der Schule in lauschig weihnachtlichem Ambiente. Hier wurde gesungen und gerockt und das Jahr 2022 musikalisch verabschiedet. &nbsp;<\/p>\n\n\n\n<p class=\"has-medium-font-size\">Wenn Sie sich selbst einen Eindruck von der musikalischen Arbeit am Polgargymnasium machen wollen, gibt es nat\u00fcrlich auch in diesem Jahr wieder zahlreiche M\u00f6glichkeiten! &nbsp;<\/p>\n\n\n\n<p class=\"has-medium-font-size\">Unter anderem k\u00f6nnen Sie uns bei unserem gemeinsamen Konzert mit dem Ella Lingens Gymnasium am 10.03., beim Landesjugendsingen am 18.04. oder beim Benefizkonzert \u201eKinder f\u00fcr Kinder\u201c am 03.06. sehen und h\u00f6ren. &nbsp;<\/p>\n\n\n\n<p class=\"has-medium-font-size\">Oder Sie kommen zu einer der Musicalvorf\u00fchrungen der ersten und zweiten Klassen. In diesem Jahr wird das Musical \u201eJoseph And The Amazing Technicolor Dreamcoat\u201c von Andrew Lloyd Webber aufgef\u00fchrt! Am 20. und 23.02. k\u00f6nnen Sie sich dieses weltbekannte Musical auf der B\u00fchne der Aula im Polgargymnasium ansehen. Karten sind ab 18.01.2023 im Sekretariat immer morgens in der Zeit von 8.00-11.00 Uhr erh\u00e4ltlich. &nbsp;<\/p>\n\n\n\n<p class=\"has-medium-font-size\">Wir freuen uns auf Sie! &nbsp;<\/p>\n\n\n\n<figure class=\"wp-block-gallery has-nested-images columns-default is-cropped wp-block-gallery-1 is-layout-flex wp-block-gallery-is-layout-flex\">\n<figure class=\"wp-block-image size-large\"><img loading=\"lazy\" decoding=\"async\" width=\"768\" height=\"1024\" data-id=\"6893\" src=\"https:\/\/polgargym.at\/wordpress\/wp-content\/uploads\/2023\/01\/IMG-20220614-WA0028-768x1024.jpg\" alt=\"\" class=\"wp-image-6893\" srcset=\"https:\/\/polgargym.at\/wordpress\/wp-content\/uploads\/2023\/01\/IMG-20220614-WA0028-768x1024.jpg 768w, https:\/\/polgargym.at\/wordpress\/wp-content\/uploads\/2023\/01\/IMG-20220614-WA0028-225x300.jpg 225w, https:\/\/polgargym.at\/wordpress\/wp-content\/uploads\/2023\/01\/IMG-20220614-WA0028-1152x1536.jpg 1152w, https:\/\/polgargym.at\/wordpress\/wp-content\/uploads\/2023\/01\/IMG-20220614-WA0028.jpg 1200w\" sizes=\"auto, (max-width: 768px) 100vw, 768px\" \/><\/figure>\n\n\n\n<figure class=\"wp-block-image size-large\"><img loading=\"lazy\" decoding=\"async\" width=\"1024\" height=\"768\" data-id=\"6891\" src=\"https:\/\/polgargym.at\/wordpress\/wp-content\/uploads\/2023\/01\/IMG-20220614-WA0015-1024x768.jpg\" alt=\"\" class=\"wp-image-6891\" srcset=\"https:\/\/polgargym.at\/wordpress\/wp-content\/uploads\/2023\/01\/IMG-20220614-WA0015-1024x768.jpg 1024w, https:\/\/polgargym.at\/wordpress\/wp-content\/uploads\/2023\/01\/IMG-20220614-WA0015-300x225.jpg 300w, https:\/\/polgargym.at\/wordpress\/wp-content\/uploads\/2023\/01\/IMG-20220614-WA0015-768x576.jpg 768w, https:\/\/polgargym.at\/wordpress\/wp-content\/uploads\/2023\/01\/IMG-20220614-WA0015-1536x1152.jpg 1536w, https:\/\/polgargym.at\/wordpress\/wp-content\/uploads\/2023\/01\/IMG-20220614-WA0015.jpg 2000w\" sizes=\"auto, (max-width: 1024px) 100vw, 1024px\" \/><\/figure>\n\n\n\n<figure class=\"wp-block-image size-large\"><img loading=\"lazy\" decoding=\"async\" width=\"1024\" height=\"768\" data-id=\"6890\" src=\"https:\/\/polgargym.at\/wordpress\/wp-content\/uploads\/2023\/01\/IMG-20220614-WA0013-1024x768.jpg\" alt=\"\" class=\"wp-image-6890\" srcset=\"https:\/\/polgargym.at\/wordpress\/wp-content\/uploads\/2023\/01\/IMG-20220614-WA0013-1024x768.jpg 1024w, https:\/\/polgargym.at\/wordpress\/wp-content\/uploads\/2023\/01\/IMG-20220614-WA0013-300x225.jpg 300w, https:\/\/polgargym.at\/wordpress\/wp-content\/uploads\/2023\/01\/IMG-20220614-WA0013-768x576.jpg 768w, https:\/\/polgargym.at\/wordpress\/wp-content\/uploads\/2023\/01\/IMG-20220614-WA0013-1536x1152.jpg 1536w, https:\/\/polgargym.at\/wordpress\/wp-content\/uploads\/2023\/01\/IMG-20220614-WA0013.jpg 2000w\" sizes=\"auto, (max-width: 1024px) 100vw, 1024px\" \/><\/figure>\n\n\n\n<figure class=\"wp-block-image size-large\"><img loading=\"lazy\" decoding=\"async\" width=\"1024\" height=\"768\" data-id=\"6889\" src=\"https:\/\/polgargym.at\/wordpress\/wp-content\/uploads\/2023\/01\/IMG-20220614-WA0007-1024x768.jpg\" alt=\"\" class=\"wp-image-6889\" srcset=\"https:\/\/polgargym.at\/wordpress\/wp-content\/uploads\/2023\/01\/IMG-20220614-WA0007-1024x768.jpg 1024w, https:\/\/polgargym.at\/wordpress\/wp-content\/uploads\/2023\/01\/IMG-20220614-WA0007-300x225.jpg 300w, https:\/\/polgargym.at\/wordpress\/wp-content\/uploads\/2023\/01\/IMG-20220614-WA0007-768x576.jpg 768w, https:\/\/polgargym.at\/wordpress\/wp-content\/uploads\/2023\/01\/IMG-20220614-WA0007-1536x1152.jpg 1536w, https:\/\/polgargym.at\/wordpress\/wp-content\/uploads\/2023\/01\/IMG-20220614-WA0007.jpg 2000w\" sizes=\"auto, (max-width: 1024px) 100vw, 1024px\" \/><\/figure>\n\n\n\n<figure class=\"wp-block-image size-large\"><img loading=\"lazy\" decoding=\"async\" width=\"683\" height=\"1024\" data-id=\"6883\" src=\"https:\/\/polgargym.at\/wordpress\/wp-content\/uploads\/2023\/01\/3I4A7366_resized_20230110_053721905-e1673815541230-683x1024.jpg\" alt=\"\" class=\"wp-image-6883\" srcset=\"https:\/\/polgargym.at\/wordpress\/wp-content\/uploads\/2023\/01\/3I4A7366_resized_20230110_053721905-e1673815541230-683x1024.jpg 683w, https:\/\/polgargym.at\/wordpress\/wp-content\/uploads\/2023\/01\/3I4A7366_resized_20230110_053721905-e1673815541230-200x300.jpg 200w, https:\/\/polgargym.at\/wordpress\/wp-content\/uploads\/2023\/01\/3I4A7366_resized_20230110_053721905-e1673815541230-768x1152.jpg 768w, https:\/\/polgargym.at\/wordpress\/wp-content\/uploads\/2023\/01\/3I4A7366_resized_20230110_053721905-e1673815541230-1024x1536.jpg 1024w, https:\/\/polgargym.at\/wordpress\/wp-content\/uploads\/2023\/01\/3I4A7366_resized_20230110_053721905-e1673815541230-1365x2048.jpg 1365w, https:\/\/polgargym.at\/wordpress\/wp-content\/uploads\/2023\/01\/3I4A7366_resized_20230110_053721905-e1673815541230.jpg 1707w\" sizes=\"auto, (max-width: 683px) 100vw, 683px\" \/><\/figure>\n\n\n\n<figure class=\"wp-block-image size-large\"><img loading=\"lazy\" decoding=\"async\" width=\"1024\" height=\"768\" data-id=\"6888\" src=\"https:\/\/polgargym.at\/wordpress\/wp-content\/uploads\/2023\/01\/IMG-20220614-WA0005-1024x768.jpg\" alt=\"\" class=\"wp-image-6888\" srcset=\"https:\/\/polgargym.at\/wordpress\/wp-content\/uploads\/2023\/01\/IMG-20220614-WA0005-1024x768.jpg 1024w, https:\/\/polgargym.at\/wordpress\/wp-content\/uploads\/2023\/01\/IMG-20220614-WA0005-300x225.jpg 300w, https:\/\/polgargym.at\/wordpress\/wp-content\/uploads\/2023\/01\/IMG-20220614-WA0005-768x576.jpg 768w, https:\/\/polgargym.at\/wordpress\/wp-content\/uploads\/2023\/01\/IMG-20220614-WA0005-1536x1152.jpg 1536w, https:\/\/polgargym.at\/wordpress\/wp-content\/uploads\/2023\/01\/IMG-20220614-WA0005.jpg 2000w\" sizes=\"auto, (max-width: 1024px) 100vw, 1024px\" \/><\/figure>\n\n\n\n<figure class=\"wp-block-image size-large\"><img loading=\"lazy\" decoding=\"async\" width=\"683\" height=\"1024\" data-id=\"6884\" src=\"https:\/\/polgargym.at\/wordpress\/wp-content\/uploads\/2023\/01\/3I4A7424_resized_20230110_053724030-e1673815579267-683x1024.jpg\" alt=\"\" class=\"wp-image-6884\" srcset=\"https:\/\/polgargym.at\/wordpress\/wp-content\/uploads\/2023\/01\/3I4A7424_resized_20230110_053724030-e1673815579267-683x1024.jpg 683w, https:\/\/polgargym.at\/wordpress\/wp-content\/uploads\/2023\/01\/3I4A7424_resized_20230110_053724030-e1673815579267-200x300.jpg 200w, https:\/\/polgargym.at\/wordpress\/wp-content\/uploads\/2023\/01\/3I4A7424_resized_20230110_053724030-e1673815579267-768x1152.jpg 768w, https:\/\/polgargym.at\/wordpress\/wp-content\/uploads\/2023\/01\/3I4A7424_resized_20230110_053724030-e1673815579267-1024x1536.jpg 1024w, https:\/\/polgargym.at\/wordpress\/wp-content\/uploads\/2023\/01\/3I4A7424_resized_20230110_053724030-e1673815579267-1365x2048.jpg 1365w, https:\/\/polgargym.at\/wordpress\/wp-content\/uploads\/2023\/01\/3I4A7424_resized_20230110_053724030-e1673815579267.jpg 1707w\" sizes=\"auto, (max-width: 683px) 100vw, 683px\" \/><\/figure>\n\n\n\n<figure class=\"wp-block-image size-large\"><img loading=\"lazy\" decoding=\"async\" width=\"1024\" height=\"683\" data-id=\"6886\" src=\"https:\/\/polgargym.at\/wordpress\/wp-content\/uploads\/2023\/01\/3I4A7432_resized_20230110_053723062-1024x683.jpg\" alt=\"\" class=\"wp-image-6886\" srcset=\"https:\/\/polgargym.at\/wordpress\/wp-content\/uploads\/2023\/01\/3I4A7432_resized_20230110_053723062-1024x683.jpg 1024w, https:\/\/polgargym.at\/wordpress\/wp-content\/uploads\/2023\/01\/3I4A7432_resized_20230110_053723062-300x200.jpg 300w, https:\/\/polgargym.at\/wordpress\/wp-content\/uploads\/2023\/01\/3I4A7432_resized_20230110_053723062-768x512.jpg 768w, https:\/\/polgargym.at\/wordpress\/wp-content\/uploads\/2023\/01\/3I4A7432_resized_20230110_053723062-1536x1024.jpg 1536w, https:\/\/polgargym.at\/wordpress\/wp-content\/uploads\/2023\/01\/3I4A7432_resized_20230110_053723062-2048x1365.jpg 2048w\" sizes=\"auto, (max-width: 1024px) 100vw, 1024px\" \/><\/figure>\n\n\n\n<figure class=\"wp-block-image size-large\"><img loading=\"lazy\" decoding=\"async\" width=\"1024\" height=\"683\" data-id=\"6885\" src=\"https:\/\/polgargym.at\/wordpress\/wp-content\/uploads\/2023\/01\/3I4A7428_resized_20230110_053724972-1024x683.jpg\" alt=\"\" class=\"wp-image-6885\" srcset=\"https:\/\/polgargym.at\/wordpress\/wp-content\/uploads\/2023\/01\/3I4A7428_resized_20230110_053724972-1024x683.jpg 1024w, https:\/\/polgargym.at\/wordpress\/wp-content\/uploads\/2023\/01\/3I4A7428_resized_20230110_053724972-300x200.jpg 300w, https:\/\/polgargym.at\/wordpress\/wp-content\/uploads\/2023\/01\/3I4A7428_resized_20230110_053724972-768x512.jpg 768w, https:\/\/polgargym.at\/wordpress\/wp-content\/uploads\/2023\/01\/3I4A7428_resized_20230110_053724972-1536x1024.jpg 1536w, https:\/\/polgargym.at\/wordpress\/wp-content\/uploads\/2023\/01\/3I4A7428_resized_20230110_053724972-2048x1365.jpg 2048w\" sizes=\"auto, (max-width: 1024px) 100vw, 1024px\" \/><\/figure>\n\n\n\n<figure class=\"wp-block-image size-large\"><img loading=\"lazy\" decoding=\"async\" width=\"1024\" height=\"768\" data-id=\"6887\" src=\"https:\/\/polgargym.at\/wordpress\/wp-content\/uploads\/2023\/01\/IMG-20220614-WA0002-1024x768.jpg\" alt=\"\" class=\"wp-image-6887\" srcset=\"https:\/\/polgargym.at\/wordpress\/wp-content\/uploads\/2023\/01\/IMG-20220614-WA0002-1024x768.jpg 1024w, https:\/\/polgargym.at\/wordpress\/wp-content\/uploads\/2023\/01\/IMG-20220614-WA0002-300x225.jpg 300w, https:\/\/polgargym.at\/wordpress\/wp-content\/uploads\/2023\/01\/IMG-20220614-WA0002-768x576.jpg 768w, https:\/\/polgargym.at\/wordpress\/wp-content\/uploads\/2023\/01\/IMG-20220614-WA0002-1536x1152.jpg 1536w, https:\/\/polgargym.at\/wordpress\/wp-content\/uploads\/2023\/01\/IMG-20220614-WA0002.jpg 2000w\" sizes=\"auto, (max-width: 1024px) 100vw, 1024px\" \/><\/figure>\n\n\n\n<figure class=\"wp-block-image size-large\"><img loading=\"lazy\" decoding=\"async\" width=\"1024\" height=\"768\" data-id=\"6892\" src=\"https:\/\/polgargym.at\/wordpress\/wp-content\/uploads\/2023\/01\/IMG-20220614-WA0020-1024x768.jpg\" alt=\"\" class=\"wp-image-6892\" srcset=\"https:\/\/polgargym.at\/wordpress\/wp-content\/uploads\/2023\/01\/IMG-20220614-WA0020-1024x768.jpg 1024w, https:\/\/polgargym.at\/wordpress\/wp-content\/uploads\/2023\/01\/IMG-20220614-WA0020-300x225.jpg 300w, https:\/\/polgargym.at\/wordpress\/wp-content\/uploads\/2023\/01\/IMG-20220614-WA0020-768x576.jpg 768w, https:\/\/polgargym.at\/wordpress\/wp-content\/uploads\/2023\/01\/IMG-20220614-WA0020-1536x1152.jpg 1536w, https:\/\/polgargym.at\/wordpress\/wp-content\/uploads\/2023\/01\/IMG-20220614-WA0020.jpg 2000w\" sizes=\"auto, (max-width: 1024px) 100vw, 1024px\" \/><\/figure>\n\n\n\n<figure class=\"wp-block-image\"><img decoding=\"async\" src=\"blob:https:\/\/polgargym.at\/98bdb327-4829-4566-9819-ec9810bcf3d3\" alt=\"\"\/><\/figure>\n<\/figure>\n","protected":false},"excerpt":{"rendered":"<p>Zu Beginn des Jahres 2023 wollen wir die Gelegenheit f\u00fcr einen Jahresr\u00fcckblick aus Sicht der Ch\u00f6re des Polgargymnasiums nutzen und gleichzeitig einen kleinen Ausblick auf das heurige Jahr geben! 2022 brachte erste Lockerungen der Coronaverordnungen und erlaubte so den Ch\u00f6ren wieder voll durchzustarten. &nbsp; Noch immer unter Corona-Vorzeichen widmete sich der Kammerchor zu Beginn des [&hellip;]<\/p>\n","protected":false},"author":11,"featured_media":0,"comment_status":"closed","ping_status":"closed","sticky":false,"template":"","format":"standard","meta":{"footnotes":""},"categories":[1],"tags":[],"class_list":["post-6849","post","type-post","status-publish","format-standard","hentry","category-allgemein"],"_links":{"self":[{"href":"https:\/\/polgargym.at\/wordpress\/wp-json\/wp\/v2\/posts\/6849","targetHints":{"allow":["GET"]}}],"collection":[{"href":"https:\/\/polgargym.at\/wordpress\/wp-json\/wp\/v2\/posts"}],"about":[{"href":"https:\/\/polgargym.at\/wordpress\/wp-json\/wp\/v2\/types\/post"}],"author":[{"embeddable":true,"href":"https:\/\/polgargym.at\/wordpress\/wp-json\/wp\/v2\/users\/11"}],"replies":[{"embeddable":true,"href":"https:\/\/polgargym.at\/wordpress\/wp-json\/wp\/v2\/comments?post=6849"}],"version-history":[{"count":5,"href":"https:\/\/polgargym.at\/wordpress\/wp-json\/wp\/v2\/posts\/6849\/revisions"}],"predecessor-version":[{"id":6919,"href":"https:\/\/polgargym.at\/wordpress\/wp-json\/wp\/v2\/posts\/6849\/revisions\/6919"}],"wp:attachment":[{"href":"https:\/\/polgargym.at\/wordpress\/wp-json\/wp\/v2\/media?parent=6849"}],"wp:term":[{"taxonomy":"category","embeddable":true,"href":"https:\/\/polgargym.at\/wordpress\/wp-json\/wp\/v2\/categories?post=6849"},{"taxonomy":"post_tag","embeddable":true,"href":"https:\/\/polgargym.at\/wordpress\/wp-json\/wp\/v2\/tags?post=6849"}],"curies":[{"name":"wp","href":"https:\/\/api.w.org\/{rel}","templated":true}]}}